{"id":233,"date":"2019-08-31T12:15:48","date_gmt":"2019-08-31T09:15:48","guid":{"rendered":"https:\/\/hesapliyor.com\/blog\/?p=233"},"modified":"2019-09-02T15:38:56","modified_gmt":"2019-09-02T12:38:56","slug":"dogalgaza-yuzde-15-zam-31-08-2019","status":"publish","type":"post","link":"https:\/\/hesapliyor.com\/blog\/ekonomi-finans\/dogalgaza-yuzde-15-zam-31-08-2019\/","title":{"rendered":"Do\u011falgaza y\u00fczde 15 zam 31\/08\/2019"},"content":{"rendered":"<div class=\"8371e5fb24d6709da29a2b92a6c10451\" data-index=\"1\" style=\"float: none; margin:10px 0 10px 0; text-align:center;\">\n<script async src=\"\/\/pagead2.googlesyndication.com\/pagead\/js\/adsbygoogle.js\"><\/script>\r\n<ins class=\"adsbygoogle\"\r\n     style=\"display:block; text-align:center;\"\r\n     data-ad-layout=\"in-article\"\r\n     data-ad-format=\"fluid\"\r\n     data-ad-client=\"ca-pub-3498940346550930\"\r\n     data-ad-slot=\"6136208643\"><\/ins>\r\n<script>\r\n     (adsbygoogle = window.adsbygoogle || []).push({});\r\n<\/script>\n<\/div>\n\n<p>Do\u011falgaz fiyat\u0131na 1 eyl\u00fcl 2019 tarihinden ge\u00e7erli olacak \u015fekilde y\u00fczde 14.90 zam yap\u0131ld\u0131.<\/p>\n\n\n\n<p>Enerji Piyasas\u0131 D\u00fczenleme Kurumunca (<strong>EPDK<\/strong>) do\u011falgaz fiyatlar\u0131na konutlar i\u00e7in <strong>y\u00fczde 14,90 zam<\/strong> yap\u0131ld\u0131\u011f\u0131n\u0131 duyurdu.&nbsp;Do\u011falgaz zam.<\/p>\n\n\n\n<p>Do\u011falgaz kullan\u0131m\u0131n\u0131n \u00f6zellikle k\u0131\u015f aylar\u0131nda artmas\u0131 vatanda\u015flara ek y\u00fck olarak yans\u0131yor.  1 eyl\u00fcl tarihinden itibaten ge\u00e7erli olacak <strong>y\u00fczde 15 do\u011falgaz zamm\u0131 <\/strong>sonras\u0131 200 TL <strong>do\u011falgaz faturas\u0131<\/strong> \u00f6deyen vatanda\u015f 230 TL fatura \u00f6demeye ba\u015flam\u0131\u015f olacak.<\/p>\n\n\n\n<p>Do\u011falgaz zam sonras\u0131 il bazl\u0131 g\u00fcncel do\u011falgaz metrek\u00fcp fiyatlar\u0131 ile faturan\u0131z gelmeden \u00f6nce ne kadar do\u011falgaz paras\u0131 \u00f6deyece\u011finizi <strong><a rel=\"noreferrer noopener\" aria-label=\"do\u011falgaz faturas\u0131 hesaplama (yeni sekmede a\u00e7\u0131l\u0131r)\" href=\"https:\/\/dogalgaz-fatura.hesapliyor.com\/\" target=\"_blank\">do\u011falgaz faturas\u0131 hesaplama<\/a><\/strong> arac\u0131 ile kolayca yapabilirsiniz. <\/p>\n\n\n\n<p>Do\u011falgaz maliyeti genellikle k\u0131\u015f aylar\u0131nda yapt\u0131\u011f\u0131m\u0131z \u00f6deme kalemleri aras\u0131nda en y\u00fcksek miktar olarak kar\u015f\u0131m\u0131za \u00e7\u0131k\u0131yor.<\/p>\n<!--CusAds0-->\n<div style=\"font-size: 0px; height: 0px; line-height: 0px; margin: 0; padding: 0; clear: both;\"><\/div>","protected":false},"excerpt":{"rendered":"<p>Do\u011falgaz fiyat\u0131na 1 eyl\u00fcl 2019 tarihinden ge\u00e7erli olacak \u015fekilde konutlar i\u00e7in y\u00fczde 15 zam yap\u0131ld\u0131. EPDK do\u011falgaz zam 2019<\/p>\n","protected":false},"author":1,"featured_media":234,"comment_status":"open","ping_status":"open","sticky":false,"template":"","format":"standard","meta":[],"categories":[8],"tags":[130,133,131,132],"yoast_head":"<!-- This site is optimized with the Yoast SEO plugin v19.4 - https:\/\/yoast.com\/wordpress\/plugins\/seo\/ -->\n<title>Do\u011falgaza y\u00fczde 15 zam 31\/08\/2019<\/title>\n<meta name=\"description\" content=\"Do\u011falgaz zam oran\u0131 a\u00e7\u0131kland\u0131. 1 eyl\u00fcl 2019 tarihinden ge\u00e7erli olacak \u015fekilde konutlar i\u00e7in y\u00fczde 15 zam yap\u0131ld\u0131. Do\u011falgaz fatura hesaplama, do\u011falgaz zam.\" \/>\n<meta name=\"robots\" content=\"index, follow, max-snippet:-1, max-image-preview:large, max-video-preview:-1\" \/>\n<link rel=\"canonical\" href=\"https:\/\/hesapliyor.com\/blog\/ekonomi-finans\/dogalgaza-yuzde-15-zam-31-08-2019\/\" \/>\n<meta property=\"og:locale\" content=\"tr_TR\" \/>\n<meta property=\"og:type\" content=\"article\" \/>\n<meta property=\"og:title\" content=\"Do\u011falgaza y\u00fczde 15 zam 31\/08\/2019\" \/>\n<meta property=\"og:description\" content=\"Do\u011falgaz zam oran\u0131 a\u00e7\u0131kland\u0131. 1 eyl\u00fcl 2019 tarihinden ge\u00e7erli olacak \u015fekilde konutlar i\u00e7in y\u00fczde 15 zam yap\u0131ld\u0131. Do\u011falgaz fatura hesaplama, do\u011falgaz zam.\" \/>\n<meta property=\"og:url\" content=\"https:\/\/hesapliyor.com\/blog\/ekonomi-finans\/dogalgaza-yuzde-15-zam-31-08-2019\/\" \/>\n<meta property=\"og:site_name\" content=\"HESAPLIYOR.COM\" \/>\n<meta property=\"article:publisher\" content=\"http:\/\/hesapliyor\" \/>\n<meta property=\"article:published_time\" content=\"2019-08-31T09:15:48+00:00\" \/>\n<meta property=\"article:modified_time\" content=\"2019-09-02T12:38:56+00:00\" \/>\n<meta property=\"og:image\" content=\"https:\/\/hesapliyor.com\/blog\/wp-content\/uploads\/2019\/08\/dogalgazfaturasizam2019.jpg\" \/>\n\t<meta property=\"og:image:width\" content=\"640\" \/>\n\t<meta property=\"og:image:height\" content=\"359\" \/>\n\t<meta property=\"og:image:type\" content=\"image\/jpeg\" \/>\n<meta name=\"author\" content=\"hesaplama\" \/>\n<meta name=\"twitter:card\" content=\"summary_large_image\" \/>\n<meta name=\"twitter:creator\" content=\"@hesapliyor\" \/>\n<meta name=\"twitter:site\" content=\"@hesapliyor\" \/>\n<meta name=\"twitter:label1\" content=\"Yazan:\" \/>\n\t<meta name=\"twitter:data1\" content=\"hesaplama\" \/>\n\t<meta name=\"twitter:label2\" content=\"Tahmini okuma s\u00fcresi\" \/>\n\t<meta name=\"twitter:data2\" content=\"1 dakika\" \/>\n<script type=\"application\/ld+json\" class=\"yoast-schema-graph\">{\"@context\":\"https:\/\/schema.org\",\"@graph\":[{\"@type\":\"Organization\",\"@id\":\"https:\/\/hesapliyor.com\/blog\/#organization\",\"name\":\"hesapliyor\",\"url\":\"https:\/\/hesapliyor.com\/blog\/\",\"sameAs\":[\"http:\/\/hesapliyor\",\"https:\/\/twitter.com\/hesapliyor\"],\"logo\":{\"@type\":\"ImageObject\",\"inLanguage\":\"tr\",\"@id\":\"https:\/\/hesapliyor.com\/blog\/#\/schema\/logo\/image\/\",\"url\":\"https:\/\/hesapliyor.com\/blog\/wp-content\/uploads\/2019\/05\/logo.png\",\"contentUrl\":\"https:\/\/hesapliyor.com\/blog\/wp-content\/uploads\/2019\/05\/logo.png\",\"width\":309,\"height\":83,\"caption\":\"hesapliyor\"},\"image\":{\"@id\":\"https:\/\/hesapliyor.com\/blog\/#\/schema\/logo\/image\/\"}},{\"@type\":\"WebSite\",\"@id\":\"https:\/\/hesapliyor.com\/blog\/#website\",\"url\":\"https:\/\/hesapliyor.com\/blog\/\",\"name\":\"HESAPLIYOR.COM\",\"description\":\"Kredi, Faiz, Konut, Finans Son Dakika Geli\u015fmeleri - Hesaplama Ara\u00e7lar\u0131\",\"publisher\":{\"@id\":\"https:\/\/hesapliyor.com\/blog\/#organization\"},\"potentialAction\":[{\"@type\":\"SearchAction\",\"target\":{\"@type\":\"EntryPoint\",\"urlTemplate\":\"https:\/\/hesapliyor.com\/blog\/?s={search_term_string}\"},\"query-input\":\"required name=search_term_string\"}],\"inLanguage\":\"tr\"},{\"@type\":\"WebPage\",\"@id\":\"https:\/\/hesapliyor.com\/blog\/ekonomi-finans\/dogalgaza-yuzde-15-zam-31-08-2019\/\",\"url\":\"https:\/\/hesapliyor.com\/blog\/ekonomi-finans\/dogalgaza-yuzde-15-zam-31-08-2019\/\",\"name\":\"Do\u011falgaza y\u00fczde 15 zam 31\/08\/2019\",\"isPartOf\":{\"@id\":\"https:\/\/hesapliyor.com\/blog\/#website\"},\"datePublished\":\"2019-08-31T09:15:48+00:00\",\"dateModified\":\"2019-09-02T12:38:56+00:00\",\"description\":\"Do\u011falgaz zam oran\u0131 a\u00e7\u0131kland\u0131. 1 eyl\u00fcl 2019 tarihinden ge\u00e7erli olacak \u015fekilde konutlar i\u00e7in y\u00fczde 15 zam yap\u0131ld\u0131. Do\u011falgaz fatura hesaplama, do\u011falgaz zam.\",\"breadcrumb\":{\"@id\":\"https:\/\/hesapliyor.com\/blog\/ekonomi-finans\/dogalgaza-yuzde-15-zam-31-08-2019\/#breadcrumb\"},\"inLanguage\":\"tr\",\"potentialAction\":[{\"@type\":\"ReadAction\",\"target\":[\"https:\/\/hesapliyor.com\/blog\/ekonomi-finans\/dogalgaza-yuzde-15-zam-31-08-2019\/\"]}]},{\"@type\":\"BreadcrumbList\",\"@id\":\"https:\/\/hesapliyor.com\/blog\/ekonomi-finans\/dogalgaza-yuzde-15-zam-31-08-2019\/#breadcrumb\",\"itemListElement\":[{\"@type\":\"ListItem\",\"position\":1,\"name\":\"Ana sayfa\",\"item\":\"https:\/\/hesapliyor.com\/blog\/\"},{\"@type\":\"ListItem\",\"position\":2,\"name\":\"Do\u011falgaza y\u00fczde 15 zam 31\/08\/2019\"}]},{\"@type\":\"Article\",\"@id\":\"https:\/\/hesapliyor.com\/blog\/ekonomi-finans\/dogalgaza-yuzde-15-zam-31-08-2019\/#article\",\"isPartOf\":{\"@id\":\"https:\/\/hesapliyor.com\/blog\/ekonomi-finans\/dogalgaza-yuzde-15-zam-31-08-2019\/\"},\"author\":{\"name\":\"hesaplama\",\"@id\":\"https:\/\/hesapliyor.com\/blog\/#\/schema\/person\/37954b9272daf7fb56b4bf14b2871842\"},\"headline\":\"Do\u011falgaza y\u00fczde 15 zam 31\/08\/2019\",\"datePublished\":\"2019-08-31T09:15:48+00:00\",\"dateModified\":\"2019-09-02T12:38:56+00:00\",\"mainEntityOfPage\":{\"@id\":\"https:\/\/hesapliyor.com\/blog\/ekonomi-finans\/dogalgaza-yuzde-15-zam-31-08-2019\/\"},\"wordCount\":146,\"commentCount\":0,\"publisher\":{\"@id\":\"https:\/\/hesapliyor.com\/blog\/#organization\"},\"keywords\":[\"Do\u011falgaz\",\"Do\u011falgaz fatura hesaplama\",\"Do\u011falgaz Zam\",\"Do\u011falgaza zam var m\u0131\"],\"articleSection\":[\"Ekonomi \/ Finans\"],\"inLanguage\":\"tr\",\"potentialAction\":[{\"@type\":\"CommentAction\",\"name\":\"Comment\",\"target\":[\"https:\/\/hesapliyor.com\/blog\/ekonomi-finans\/dogalgaza-yuzde-15-zam-31-08-2019\/#respond\"]}]},{\"@type\":\"Person\",\"@id\":\"https:\/\/hesapliyor.com\/blog\/#\/schema\/person\/37954b9272daf7fb56b4bf14b2871842\",\"name\":\"hesaplama\",\"image\":{\"@type\":\"ImageObject\",\"inLanguage\":\"tr\",\"@id\":\"https:\/\/hesapliyor.com\/blog\/#\/schema\/person\/image\/\",\"url\":\"https:\/\/secure.gravatar.com\/avatar\/dd2e8fd5224a6a44aa5cb718e07ccd7a?s=96&d=mm&r=g\",\"contentUrl\":\"https:\/\/secure.gravatar.com\/avatar\/dd2e8fd5224a6a44aa5cb718e07ccd7a?s=96&d=mm&r=g\",\"caption\":\"hesaplama\"}}]}<\/script>\n<!-- \/ Yoast SEO plugin. -->","yoast_head_json":{"title":"Do\u011falgaza y\u00fczde 15 zam 31\/08\/2019","description":"Do\u011falgaz zam oran\u0131 a\u00e7\u0131kland\u0131. 1 eyl\u00fcl 2019 tarihinden ge\u00e7erli olacak \u015fekilde konutlar i\u00e7in y\u00fczde 15 zam yap\u0131ld\u0131. Do\u011falgaz fatura hesaplama, do\u011falgaz zam.","robots":{"index":"index","follow":"follow","max-snippet":"max-snippet:-1","max-image-preview":"max-image-preview:large","max-video-preview":"max-video-preview:-1"},"canonical":"https:\/\/hesapliyor.com\/blog\/ekonomi-finans\/dogalgaza-yuzde-15-zam-31-08-2019\/","og_locale":"tr_TR","og_type":"article","og_title":"Do\u011falgaza y\u00fczde 15 zam 31\/08\/2019","og_description":"Do\u011falgaz zam oran\u0131 a\u00e7\u0131kland\u0131. 1 eyl\u00fcl 2019 tarihinden ge\u00e7erli olacak \u015fekilde konutlar i\u00e7in y\u00fczde 15 zam yap\u0131ld\u0131. Do\u011falgaz fatura hesaplama, do\u011falgaz zam.","og_url":"https:\/\/hesapliyor.com\/blog\/ekonomi-finans\/dogalgaza-yuzde-15-zam-31-08-2019\/","og_site_name":"HESAPLIYOR.COM","article_publisher":"http:\/\/hesapliyor","article_published_time":"2019-08-31T09:15:48+00:00","article_modified_time":"2019-09-02T12:38:56+00:00","og_image":[{"width":640,"height":359,"url":"https:\/\/hesapliyor.com\/blog\/wp-content\/uploads\/2019\/08\/dogalgazfaturasizam2019.jpg","type":"image\/jpeg"}],"author":"hesaplama","twitter_card":"summary_large_image","twitter_creator":"@hesapliyor","twitter_site":"@hesapliyor","twitter_misc":{"Yazan:":"hesaplama","Tahmini okuma s\u00fcresi":"1 dakika"},"schema":{"@context":"https:\/\/schema.org","@graph":[{"@type":"Organization","@id":"https:\/\/hesapliyor.com\/blog\/#organization","name":"hesapliyor","url":"https:\/\/hesapliyor.com\/blog\/","sameAs":["http:\/\/hesapliyor","https:\/\/twitter.com\/hesapliyor"],"logo":{"@type":"ImageObject","inLanguage":"tr","@id":"https:\/\/hesapliyor.com\/blog\/#\/schema\/logo\/image\/","url":"https:\/\/hesapliyor.com\/blog\/wp-content\/uploads\/2019\/05\/logo.png","contentUrl":"https:\/\/hesapliyor.com\/blog\/wp-content\/uploads\/2019\/05\/logo.png","width":309,"height":83,"caption":"hesapliyor"},"image":{"@id":"https:\/\/hesapliyor.com\/blog\/#\/schema\/logo\/image\/"}},{"@type":"WebSite","@id":"https:\/\/hesapliyor.com\/blog\/#website","url":"https:\/\/hesapliyor.com\/blog\/","name":"HESAPLIYOR.COM","description":"Kredi, Faiz, Konut, Finans Son Dakika Geli\u015fmeleri - Hesaplama Ara\u00e7lar\u0131","publisher":{"@id":"https:\/\/hesapliyor.com\/blog\/#organization"},"potentialAction":[{"@type":"SearchAction","target":{"@type":"EntryPoint","urlTemplate":"https:\/\/hesapliyor.com\/blog\/?s={search_term_string}"},"query-input":"required name=search_term_string"}],"inLanguage":"tr"},{"@type":"WebPage","@id":"https:\/\/hesapliyor.com\/blog\/ekonomi-finans\/dogalgaza-yuzde-15-zam-31-08-2019\/","url":"https:\/\/hesapliyor.com\/blog\/ekonomi-finans\/dogalgaza-yuzde-15-zam-31-08-2019\/","name":"Do\u011falgaza y\u00fczde 15 zam 31\/08\/2019","isPartOf":{"@id":"https:\/\/hesapliyor.com\/blog\/#website"},"datePublished":"2019-08-31T09:15:48+00:00","dateModified":"2019-09-02T12:38:56+00:00","description":"Do\u011falgaz zam oran\u0131 a\u00e7\u0131kland\u0131. 1 eyl\u00fcl 2019 tarihinden ge\u00e7erli olacak \u015fekilde konutlar i\u00e7in y\u00fczde 15 zam yap\u0131ld\u0131. Do\u011falgaz fatura hesaplama, do\u011falgaz zam.","breadcrumb":{"@id":"https:\/\/hesapliyor.com\/blog\/ekonomi-finans\/dogalgaza-yuzde-15-zam-31-08-2019\/#breadcrumb"},"inLanguage":"tr","potentialAction":[{"@type":"ReadAction","target":["https:\/\/hesapliyor.com\/blog\/ekonomi-finans\/dogalgaza-yuzde-15-zam-31-08-2019\/"]}]},{"@type":"BreadcrumbList","@id":"https:\/\/hesapliyor.com\/blog\/ekonomi-finans\/dogalgaza-yuzde-15-zam-31-08-2019\/#breadcrumb","itemListElement":[{"@type":"ListItem","position":1,"name":"Ana sayfa","item":"https:\/\/hesapliyor.com\/blog\/"},{"@type":"ListItem","position":2,"name":"Do\u011falgaza y\u00fczde 15 zam 31\/08\/2019"}]},{"@type":"Article","@id":"https:\/\/hesapliyor.com\/blog\/ekonomi-finans\/dogalgaza-yuzde-15-zam-31-08-2019\/#article","isPartOf":{"@id":"https:\/\/hesapliyor.com\/blog\/ekonomi-finans\/dogalgaza-yuzde-15-zam-31-08-2019\/"},"author":{"name":"hesaplama","@id":"https:\/\/hesapliyor.com\/blog\/#\/schema\/person\/37954b9272daf7fb56b4bf14b2871842"},"headline":"Do\u011falgaza y\u00fczde 15 zam 31\/08\/2019","datePublished":"2019-08-31T09:15:48+00:00","dateModified":"2019-09-02T12:38:56+00:00","mainEntityOfPage":{"@id":"https:\/\/hesapliyor.com\/blog\/ekonomi-finans\/dogalgaza-yuzde-15-zam-31-08-2019\/"},"wordCount":146,"commentCount":0,"publisher":{"@id":"https:\/\/hesapliyor.com\/blog\/#organization"},"keywords":["Do\u011falgaz","Do\u011falgaz fatura hesaplama","Do\u011falgaz Zam","Do\u011falgaza zam var m\u0131"],"articleSection":["Ekonomi \/ Finans"],"inLanguage":"tr","potentialAction":[{"@type":"CommentAction","name":"Comment","target":["https:\/\/hesapliyor.com\/blog\/ekonomi-finans\/dogalgaza-yuzde-15-zam-31-08-2019\/#respond"]}]},{"@type":"Person","@id":"https:\/\/hesapliyor.com\/blog\/#\/schema\/person\/37954b9272daf7fb56b4bf14b2871842","name":"hesaplama","image":{"@type":"ImageObject","inLanguage":"tr","@id":"https:\/\/hesapliyor.com\/blog\/#\/schema\/person\/image\/","url":"https:\/\/secure.gravatar.com\/avatar\/dd2e8fd5224a6a44aa5cb718e07ccd7a?s=96&d=mm&r=g","contentUrl":"https:\/\/secure.gravatar.com\/avatar\/dd2e8fd5224a6a44aa5cb718e07ccd7a?s=96&d=mm&r=g","caption":"hesaplama"}}]}},"_links":{"self":[{"href":"https:\/\/hesapliyor.com\/blog\/wp-json\/wp\/v2\/posts\/233"}],"collection":[{"href":"https:\/\/hesapliyor.com\/blog\/wp-json\/wp\/v2\/posts"}],"about":[{"href":"https:\/\/hesapliyor.com\/blog\/wp-json\/wp\/v2\/types\/post"}],"author":[{"embeddable":true,"href":"https:\/\/hesapliyor.com\/blog\/wp-json\/wp\/v2\/users\/1"}],"replies":[{"embeddable":true,"href":"https:\/\/hesapliyor.com\/blog\/wp-json\/wp\/v2\/comments?post=233"}],"version-history":[{"count":3,"href":"https:\/\/hesapliyor.com\/blog\/wp-json\/wp\/v2\/posts\/233\/revisions"}],"predecessor-version":[{"id":239,"href":"https:\/\/hesapliyor.com\/blog\/wp-json\/wp\/v2\/posts\/233\/revisions\/239"}],"wp:featuredmedia":[{"embeddable":true,"href":"https:\/\/hesapliyor.com\/blog\/wp-json\/wp\/v2\/media\/234"}],"wp:attachment":[{"href":"https:\/\/hesapliyor.com\/blog\/wp-json\/wp\/v2\/media?parent=233"}],"wp:term":[{"taxonomy":"category","embeddable":true,"href":"https:\/\/hesapliyor.com\/blog\/wp-json\/wp\/v2\/categories?post=233"},{"taxonomy":"post_tag","embeddable":true,"href":"https:\/\/hesapliyor.com\/blog\/wp-json\/wp\/v2\/tags?post=233"}],"curies":[{"name":"wp","href":"https:\/\/api.w.org\/{rel}","templated":true}]}}