{"id":107,"date":"2019-08-21T16:50:20","date_gmt":"2019-08-21T13:50:20","guid":{"rendered":"https:\/\/hesapliyor.com\/blog\/?p=107"},"modified":"2019-08-21T16:57:42","modified_gmt":"2019-08-21T13:57:42","slug":"ales-3-sinavi-ne-zaman-yapilacak-kac-gun-kaldi","status":"publish","type":"post","link":"https:\/\/hesapliyor.com\/blog\/egitim-sinav\/ales-3-sinavi-ne-zaman-yapilacak-kac-gun-kaldi\/","title":{"rendered":"ALES\/3 S\u0131nav\u0131 Ne Zaman Yap\u0131lacak? Ka\u00e7 G\u00fcn Kald\u0131?"},"content":{"rendered":"<div class=\"8371e5fb24d6709da29a2b92a6c10451\" data-index=\"1\" style=\"float: none; margin:10px 0 10px 0; text-align:center;\">\n<script async src=\"\/\/pagead2.googlesyndication.com\/pagead\/js\/adsbygoogle.js\"><\/script>\r\n<ins class=\"adsbygoogle\"\r\n     style=\"display:block; text-align:center;\"\r\n     data-ad-layout=\"in-article\"\r\n     data-ad-format=\"fluid\"\r\n     data-ad-client=\"ca-pub-3498940346550930\"\r\n     data-ad-slot=\"6136208643\"><\/ins>\r\n<script>\r\n     (adsbygoogle = window.adsbygoogle || []).push({});\r\n<\/script>\n<\/div>\n\n<p>ALES\/3 i\u00e7in geri say\u0131m ba\u015flad\u0131. Akademik Personel  olmak veya Lisans\u00fcst\u00fc E\u011fitimi almak isteyenler ALES\/3 s\u0131nav\u0131 hakk\u0131nda bilgi almaya \u00e7al\u0131\u015f\u0131yor. <\/p>\n\n\n\n<p> ALES\/2 ba\u015fvurusunu ka\u00e7\u0131ranlar \u00fcz\u00fclmesin. ALES\/2 s\u0131nav\u0131n\u0131n yap\u0131lmas\u0131ndan yakla\u015f\u0131k iki hafta sonra <strong>ALES\/3 ba\u015fvurular\u0131<\/strong> al\u0131nmaya ba\u015flanacak. ALES\/2 s\u0131nav\u0131  22 Eyl\u00fcl  Pazar g\u00fcn\u00fc uygulanacak.<\/p>\n\n\n\n<h2 class=\"wp-block-heading\">ALES\/3 BA\u015eVURULARI NE ZAMAN?<\/h2>\n\n\n\n<p>ALES\/3 ba\u015fvurular\u0131 17-25 Eyl\u00fcl 2019 tarihleri aras\u0131nda al\u0131nacak.<\/p>\n\n\n\n<h2 class=\"wp-block-heading\">ALES\/3 SINAVI NE ZAMAN?<\/h2>\n\n\n\n<p> ALES\/3 s\u0131nav\u0131 17 Kas\u0131m Pazar g\u00fcn\u00fc ger\u00e7ekle\u015ftirilecek.<\/p>\n\n\n\n<h2 class=\"wp-block-heading\">ALES SINAVININ KAPSAMI NELER?<\/h2>\n\n\n\n<p>ALES s\u0131nav\u0131na kat\u0131lacak adaylardan s\u00f6zel ve say\u0131sal alanlarda ba\u015far\u0131l\u0131 olmalar\u0131 isteniyor. S\u00f6zel testte ak\u0131l y\u00fcr\u00fctme becerilerini \u00f6l\u00e7mek ad\u0131na 50 soru soruluyor. Say\u0131sal alanda ise mant\u0131ksal ak\u0131l y\u00fcr\u00fctme becerilerini \u00f6l\u00e7mek i\u00e7in 50 soru soruluyor. S\u0131nav dili T\u00fcrk\u00e7e olacak uygulanmaktad\u0131r.<\/p>\n\n\n\n<p><strong><a rel=\"noreferrer noopener\" aria-label=\"ALES\/2 SINAVINA KA\u00c7 G\u00dcN KALDI? (yeni sekmede a\u00e7\u0131l\u0131r)\" href=\"https:\/\/hesapliyor.com\/ales-ne-zaman-kac-gun-kaldi\/\" target=\"_blank\">ALES\/2 SINAVINA KA\u00c7 G\u00dcN KALDI?<\/a> <\/strong>GER\u0130 SAYIM SAYACI<\/p>\n<!--CusAds0-->\n<div style=\"font-size: 0px; height: 0px; line-height: 0px; margin: 0; padding: 0; clear: both;\"><\/div>","protected":false},"excerpt":{"rendered":"<p>ALES\/3 i\u00e7in geri say\u0131m ba\u015flad\u0131. ALES\/3 ba\u015fvurular\u0131 ne zaman? ALES\/3 s\u0131nav\u0131 ne zaman yap\u0131lacak merak edilen cevaplar sayfada.<\/p>\n","protected":false},"author":1,"featured_media":108,"comment_status":"open","ping_status":"open","sticky":false,"template":"","format":"standard","meta":[],"categories":[7],"tags":[35,34,38,36],"yoast_head":"<!-- This site is optimized with the Yoast SEO plugin v19.4 - https:\/\/yoast.com\/wordpress\/plugins\/seo\/ -->\n<title>ALES\/3 S\u0131nav\u0131 Ne Zaman Yap\u0131lacak? Ka\u00e7 G\u00fcn Kald\u0131?<\/title>\n<meta name=\"description\" content=\"ALES\/3 i\u00e7in geri say\u0131m ba\u015flad\u0131. ALES\/3 ba\u015fvurular\u0131 ne zaman? ALES\/3 s\u0131nav\u0131 ne zaman yap\u0131lacak merak edilen cevaplar sayfada.\" \/>\n<meta name=\"robots\" content=\"index, follow, max-snippet:-1, max-image-preview:large, max-video-preview:-1\" \/>\n<link rel=\"canonical\" href=\"https:\/\/hesapliyor.com\/blog\/egitim-sinav\/ales-3-sinavi-ne-zaman-yapilacak-kac-gun-kaldi\/\" \/>\n<meta property=\"og:locale\" content=\"tr_TR\" \/>\n<meta property=\"og:type\" content=\"article\" \/>\n<meta property=\"og:title\" content=\"ALES\/3 S\u0131nav\u0131 Ne Zaman Yap\u0131lacak? Ka\u00e7 G\u00fcn Kald\u0131?\" \/>\n<meta property=\"og:description\" content=\"ALES\/3 i\u00e7in geri say\u0131m ba\u015flad\u0131. ALES\/3 ba\u015fvurular\u0131 ne zaman? ALES\/3 s\u0131nav\u0131 ne zaman yap\u0131lacak merak edilen cevaplar sayfada.\" \/>\n<meta property=\"og:url\" content=\"https:\/\/hesapliyor.com\/blog\/egitim-sinav\/ales-3-sinavi-ne-zaman-yapilacak-kac-gun-kaldi\/\" \/>\n<meta property=\"og:site_name\" content=\"HESAPLIYOR.COM\" \/>\n<meta property=\"article:publisher\" content=\"http:\/\/hesapliyor\" \/>\n<meta property=\"article:published_time\" content=\"2019-08-21T13:50:20+00:00\" \/>\n<meta property=\"article:modified_time\" content=\"2019-08-21T13:57:42+00:00\" \/>\n<meta property=\"og:image\" content=\"https:\/\/hesapliyor.com\/blog\/wp-content\/uploads\/2019\/08\/ales-ne-zaman-kac-gun-kaldi.jpg\" \/>\n\t<meta property=\"og:image:width\" content=\"752\" \/>\n\t<meta property=\"og:image:height\" content=\"395\" \/>\n\t<meta property=\"og:image:type\" content=\"image\/jpeg\" \/>\n<meta name=\"author\" content=\"hesaplama\" \/>\n<meta name=\"twitter:card\" content=\"summary_large_image\" \/>\n<meta name=\"twitter:creator\" content=\"@hesapliyor\" \/>\n<meta name=\"twitter:site\" content=\"@hesapliyor\" \/>\n<meta name=\"twitter:label1\" content=\"Yazan:\" \/>\n\t<meta name=\"twitter:data1\" content=\"hesaplama\" \/>\n\t<meta name=\"twitter:label2\" content=\"Tahmini okuma s\u00fcresi\" \/>\n\t<meta name=\"twitter:data2\" content=\"1 dakika\" \/>\n<script type=\"application\/ld+json\" class=\"yoast-schema-graph\">{\"@context\":\"https:\/\/schema.org\",\"@graph\":[{\"@type\":\"Organization\",\"@id\":\"https:\/\/hesapliyor.com\/blog\/#organization\",\"name\":\"hesapliyor\",\"url\":\"https:\/\/hesapliyor.com\/blog\/\",\"sameAs\":[\"http:\/\/hesapliyor\",\"https:\/\/twitter.com\/hesapliyor\"],\"logo\":{\"@type\":\"ImageObject\",\"inLanguage\":\"tr\",\"@id\":\"https:\/\/hesapliyor.com\/blog\/#\/schema\/logo\/image\/\",\"url\":\"https:\/\/hesapliyor.com\/blog\/wp-content\/uploads\/2019\/05\/logo.png\",\"contentUrl\":\"https:\/\/hesapliyor.com\/blog\/wp-content\/uploads\/2019\/05\/logo.png\",\"width\":309,\"height\":83,\"caption\":\"hesapliyor\"},\"image\":{\"@id\":\"https:\/\/hesapliyor.com\/blog\/#\/schema\/logo\/image\/\"}},{\"@type\":\"WebSite\",\"@id\":\"https:\/\/hesapliyor.com\/blog\/#website\",\"url\":\"https:\/\/hesapliyor.com\/blog\/\",\"name\":\"HESAPLIYOR.COM\",\"description\":\"Kredi, Faiz, Konut, Finans Son Dakika Geli\u015fmeleri - Hesaplama Ara\u00e7lar\u0131\",\"publisher\":{\"@id\":\"https:\/\/hesapliyor.com\/blog\/#organization\"},\"potentialAction\":[{\"@type\":\"SearchAction\",\"target\":{\"@type\":\"EntryPoint\",\"urlTemplate\":\"https:\/\/hesapliyor.com\/blog\/?s={search_term_string}\"},\"query-input\":\"required name=search_term_string\"}],\"inLanguage\":\"tr\"},{\"@type\":\"WebPage\",\"@id\":\"https:\/\/hesapliyor.com\/blog\/egitim-sinav\/ales-3-sinavi-ne-zaman-yapilacak-kac-gun-kaldi\/\",\"url\":\"https:\/\/hesapliyor.com\/blog\/egitim-sinav\/ales-3-sinavi-ne-zaman-yapilacak-kac-gun-kaldi\/\",\"name\":\"ALES\/3 S\u0131nav\u0131 Ne Zaman Yap\u0131lacak? Ka\u00e7 G\u00fcn Kald\u0131?\",\"isPartOf\":{\"@id\":\"https:\/\/hesapliyor.com\/blog\/#website\"},\"datePublished\":\"2019-08-21T13:50:20+00:00\",\"dateModified\":\"2019-08-21T13:57:42+00:00\",\"description\":\"ALES\/3 i\u00e7in geri say\u0131m ba\u015flad\u0131. ALES\/3 ba\u015fvurular\u0131 ne zaman? ALES\/3 s\u0131nav\u0131 ne zaman yap\u0131lacak merak edilen cevaplar sayfada.\",\"breadcrumb\":{\"@id\":\"https:\/\/hesapliyor.com\/blog\/egitim-sinav\/ales-3-sinavi-ne-zaman-yapilacak-kac-gun-kaldi\/#breadcrumb\"},\"inLanguage\":\"tr\",\"potentialAction\":[{\"@type\":\"ReadAction\",\"target\":[\"https:\/\/hesapliyor.com\/blog\/egitim-sinav\/ales-3-sinavi-ne-zaman-yapilacak-kac-gun-kaldi\/\"]}]},{\"@type\":\"BreadcrumbList\",\"@id\":\"https:\/\/hesapliyor.com\/blog\/egitim-sinav\/ales-3-sinavi-ne-zaman-yapilacak-kac-gun-kaldi\/#breadcrumb\",\"itemListElement\":[{\"@type\":\"ListItem\",\"position\":1,\"name\":\"Ana sayfa\",\"item\":\"https:\/\/hesapliyor.com\/blog\/\"},{\"@type\":\"ListItem\",\"position\":2,\"name\":\"ALES\/3 S\u0131nav\u0131 Ne Zaman Yap\u0131lacak? Ka\u00e7 G\u00fcn Kald\u0131?\"}]},{\"@type\":\"Article\",\"@id\":\"https:\/\/hesapliyor.com\/blog\/egitim-sinav\/ales-3-sinavi-ne-zaman-yapilacak-kac-gun-kaldi\/#article\",\"isPartOf\":{\"@id\":\"https:\/\/hesapliyor.com\/blog\/egitim-sinav\/ales-3-sinavi-ne-zaman-yapilacak-kac-gun-kaldi\/\"},\"author\":{\"name\":\"hesaplama\",\"@id\":\"https:\/\/hesapliyor.com\/blog\/#\/schema\/person\/37954b9272daf7fb56b4bf14b2871842\"},\"headline\":\"ALES\/3 S\u0131nav\u0131 Ne Zaman Yap\u0131lacak? Ka\u00e7 G\u00fcn Kald\u0131?\",\"datePublished\":\"2019-08-21T13:50:20+00:00\",\"dateModified\":\"2019-08-21T13:57:42+00:00\",\"mainEntityOfPage\":{\"@id\":\"https:\/\/hesapliyor.com\/blog\/egitim-sinav\/ales-3-sinavi-ne-zaman-yapilacak-kac-gun-kaldi\/\"},\"wordCount\":178,\"commentCount\":0,\"publisher\":{\"@id\":\"https:\/\/hesapliyor.com\/blog\/#organization\"},\"keywords\":[\"ALES Ne Zaman\",\"ALES\/3\",\"ALES\/3 Ba\u015fvuru\",\"ALES\/3 ka\u00e7 g\u00fcn kald\u0131\"],\"articleSection\":[\"E\u011e\u0130T\u0130M \/ SINAV\"],\"inLanguage\":\"tr\",\"potentialAction\":[{\"@type\":\"CommentAction\",\"name\":\"Comment\",\"target\":[\"https:\/\/hesapliyor.com\/blog\/egitim-sinav\/ales-3-sinavi-ne-zaman-yapilacak-kac-gun-kaldi\/#respond\"]}]},{\"@type\":\"Person\",\"@id\":\"https:\/\/hesapliyor.com\/blog\/#\/schema\/person\/37954b9272daf7fb56b4bf14b2871842\",\"name\":\"hesaplama\",\"image\":{\"@type\":\"ImageObject\",\"inLanguage\":\"tr\",\"@id\":\"https:\/\/hesapliyor.com\/blog\/#\/schema\/person\/image\/\",\"url\":\"https:\/\/secure.gravatar.com\/avatar\/dd2e8fd5224a6a44aa5cb718e07ccd7a?s=96&d=mm&r=g\",\"contentUrl\":\"https:\/\/secure.gravatar.com\/avatar\/dd2e8fd5224a6a44aa5cb718e07ccd7a?s=96&d=mm&r=g\",\"caption\":\"hesaplama\"}}]}<\/script>\n<!-- \/ Yoast SEO plugin. -->","yoast_head_json":{"title":"ALES\/3 S\u0131nav\u0131 Ne Zaman Yap\u0131lacak? Ka\u00e7 G\u00fcn Kald\u0131?","description":"ALES\/3 i\u00e7in geri say\u0131m ba\u015flad\u0131. ALES\/3 ba\u015fvurular\u0131 ne zaman? ALES\/3 s\u0131nav\u0131 ne zaman yap\u0131lacak merak edilen cevaplar sayfada.","robots":{"index":"index","follow":"follow","max-snippet":"max-snippet:-1","max-image-preview":"max-image-preview:large","max-video-preview":"max-video-preview:-1"},"canonical":"https:\/\/hesapliyor.com\/blog\/egitim-sinav\/ales-3-sinavi-ne-zaman-yapilacak-kac-gun-kaldi\/","og_locale":"tr_TR","og_type":"article","og_title":"ALES\/3 S\u0131nav\u0131 Ne Zaman Yap\u0131lacak? Ka\u00e7 G\u00fcn Kald\u0131?","og_description":"ALES\/3 i\u00e7in geri say\u0131m ba\u015flad\u0131. ALES\/3 ba\u015fvurular\u0131 ne zaman? ALES\/3 s\u0131nav\u0131 ne zaman yap\u0131lacak merak edilen cevaplar sayfada.","og_url":"https:\/\/hesapliyor.com\/blog\/egitim-sinav\/ales-3-sinavi-ne-zaman-yapilacak-kac-gun-kaldi\/","og_site_name":"HESAPLIYOR.COM","article_publisher":"http:\/\/hesapliyor","article_published_time":"2019-08-21T13:50:20+00:00","article_modified_time":"2019-08-21T13:57:42+00:00","og_image":[{"width":752,"height":395,"url":"https:\/\/hesapliyor.com\/blog\/wp-content\/uploads\/2019\/08\/ales-ne-zaman-kac-gun-kaldi.jpg","type":"image\/jpeg"}],"author":"hesaplama","twitter_card":"summary_large_image","twitter_creator":"@hesapliyor","twitter_site":"@hesapliyor","twitter_misc":{"Yazan:":"hesaplama","Tahmini okuma s\u00fcresi":"1 dakika"},"schema":{"@context":"https:\/\/schema.org","@graph":[{"@type":"Organization","@id":"https:\/\/hesapliyor.com\/blog\/#organization","name":"hesapliyor","url":"https:\/\/hesapliyor.com\/blog\/","sameAs":["http:\/\/hesapliyor","https:\/\/twitter.com\/hesapliyor"],"logo":{"@type":"ImageObject","inLanguage":"tr","@id":"https:\/\/hesapliyor.com\/blog\/#\/schema\/logo\/image\/","url":"https:\/\/hesapliyor.com\/blog\/wp-content\/uploads\/2019\/05\/logo.png","contentUrl":"https:\/\/hesapliyor.com\/blog\/wp-content\/uploads\/2019\/05\/logo.png","width":309,"height":83,"caption":"hesapliyor"},"image":{"@id":"https:\/\/hesapliyor.com\/blog\/#\/schema\/logo\/image\/"}},{"@type":"WebSite","@id":"https:\/\/hesapliyor.com\/blog\/#website","url":"https:\/\/hesapliyor.com\/blog\/","name":"HESAPLIYOR.COM","description":"Kredi, Faiz, Konut, Finans Son Dakika Geli\u015fmeleri - Hesaplama Ara\u00e7lar\u0131","publisher":{"@id":"https:\/\/hesapliyor.com\/blog\/#organization"},"potentialAction":[{"@type":"SearchAction","target":{"@type":"EntryPoint","urlTemplate":"https:\/\/hesapliyor.com\/blog\/?s={search_term_string}"},"query-input":"required name=search_term_string"}],"inLanguage":"tr"},{"@type":"WebPage","@id":"https:\/\/hesapliyor.com\/blog\/egitim-sinav\/ales-3-sinavi-ne-zaman-yapilacak-kac-gun-kaldi\/","url":"https:\/\/hesapliyor.com\/blog\/egitim-sinav\/ales-3-sinavi-ne-zaman-yapilacak-kac-gun-kaldi\/","name":"ALES\/3 S\u0131nav\u0131 Ne Zaman Yap\u0131lacak? Ka\u00e7 G\u00fcn Kald\u0131?","isPartOf":{"@id":"https:\/\/hesapliyor.com\/blog\/#website"},"datePublished":"2019-08-21T13:50:20+00:00","dateModified":"2019-08-21T13:57:42+00:00","description":"ALES\/3 i\u00e7in geri say\u0131m ba\u015flad\u0131. ALES\/3 ba\u015fvurular\u0131 ne zaman? ALES\/3 s\u0131nav\u0131 ne zaman yap\u0131lacak merak edilen cevaplar sayfada.","breadcrumb":{"@id":"https:\/\/hesapliyor.com\/blog\/egitim-sinav\/ales-3-sinavi-ne-zaman-yapilacak-kac-gun-kaldi\/#breadcrumb"},"inLanguage":"tr","potentialAction":[{"@type":"ReadAction","target":["https:\/\/hesapliyor.com\/blog\/egitim-sinav\/ales-3-sinavi-ne-zaman-yapilacak-kac-gun-kaldi\/"]}]},{"@type":"BreadcrumbList","@id":"https:\/\/hesapliyor.com\/blog\/egitim-sinav\/ales-3-sinavi-ne-zaman-yapilacak-kac-gun-kaldi\/#breadcrumb","itemListElement":[{"@type":"ListItem","position":1,"name":"Ana sayfa","item":"https:\/\/hesapliyor.com\/blog\/"},{"@type":"ListItem","position":2,"name":"ALES\/3 S\u0131nav\u0131 Ne Zaman Yap\u0131lacak? Ka\u00e7 G\u00fcn Kald\u0131?"}]},{"@type":"Article","@id":"https:\/\/hesapliyor.com\/blog\/egitim-sinav\/ales-3-sinavi-ne-zaman-yapilacak-kac-gun-kaldi\/#article","isPartOf":{"@id":"https:\/\/hesapliyor.com\/blog\/egitim-sinav\/ales-3-sinavi-ne-zaman-yapilacak-kac-gun-kaldi\/"},"author":{"name":"hesaplama","@id":"https:\/\/hesapliyor.com\/blog\/#\/schema\/person\/37954b9272daf7fb56b4bf14b2871842"},"headline":"ALES\/3 S\u0131nav\u0131 Ne Zaman Yap\u0131lacak? Ka\u00e7 G\u00fcn Kald\u0131?","datePublished":"2019-08-21T13:50:20+00:00","dateModified":"2019-08-21T13:57:42+00:00","mainEntityOfPage":{"@id":"https:\/\/hesapliyor.com\/blog\/egitim-sinav\/ales-3-sinavi-ne-zaman-yapilacak-kac-gun-kaldi\/"},"wordCount":178,"commentCount":0,"publisher":{"@id":"https:\/\/hesapliyor.com\/blog\/#organization"},"keywords":["ALES Ne Zaman","ALES\/3","ALES\/3 Ba\u015fvuru","ALES\/3 ka\u00e7 g\u00fcn kald\u0131"],"articleSection":["E\u011e\u0130T\u0130M \/ SINAV"],"inLanguage":"tr","potentialAction":[{"@type":"CommentAction","name":"Comment","target":["https:\/\/hesapliyor.com\/blog\/egitim-sinav\/ales-3-sinavi-ne-zaman-yapilacak-kac-gun-kaldi\/#respond"]}]},{"@type":"Person","@id":"https:\/\/hesapliyor.com\/blog\/#\/schema\/person\/37954b9272daf7fb56b4bf14b2871842","name":"hesaplama","image":{"@type":"ImageObject","inLanguage":"tr","@id":"https:\/\/hesapliyor.com\/blog\/#\/schema\/person\/image\/","url":"https:\/\/secure.gravatar.com\/avatar\/dd2e8fd5224a6a44aa5cb718e07ccd7a?s=96&d=mm&r=g","contentUrl":"https:\/\/secure.gravatar.com\/avatar\/dd2e8fd5224a6a44aa5cb718e07ccd7a?s=96&d=mm&r=g","caption":"hesaplama"}}]}},"_links":{"self":[{"href":"https:\/\/hesapliyor.com\/blog\/wp-json\/wp\/v2\/posts\/107"}],"collection":[{"href":"https:\/\/hesapliyor.com\/blog\/wp-json\/wp\/v2\/posts"}],"about":[{"href":"https:\/\/hesapliyor.com\/blog\/wp-json\/wp\/v2\/types\/post"}],"author":[{"embeddable":true,"href":"https:\/\/hesapliyor.com\/blog\/wp-json\/wp\/v2\/users\/1"}],"replies":[{"embeddable":true,"href":"https:\/\/hesapliyor.com\/blog\/wp-json\/wp\/v2\/comments?post=107"}],"version-history":[{"count":5,"href":"https:\/\/hesapliyor.com\/blog\/wp-json\/wp\/v2\/posts\/107\/revisions"}],"predecessor-version":[{"id":114,"href":"https:\/\/hesapliyor.com\/blog\/wp-json\/wp\/v2\/posts\/107\/revisions\/114"}],"wp:featuredmedia":[{"embeddable":true,"href":"https:\/\/hesapliyor.com\/blog\/wp-json\/wp\/v2\/media\/108"}],"wp:attachment":[{"href":"https:\/\/hesapliyor.com\/blog\/wp-json\/wp\/v2\/media?parent=107"}],"wp:term":[{"taxonomy":"category","embeddable":true,"href":"https:\/\/hesapliyor.com\/blog\/wp-json\/wp\/v2\/categories?post=107"},{"taxonomy":"post_tag","embeddable":true,"href":"https:\/\/hesapliyor.com\/blog\/wp-json\/wp\/v2\/tags?post=107"}],"curies":[{"name":"wp","href":"https:\/\/api.w.org\/{rel}","templated":true}]}}